{"id":117,"date":"2023-05-10T18:05:00","date_gmt":"2023-05-10T17:05:00","guid":{"rendered":"https:\/\/www.flegel.pl\/?p=117"},"modified":"2024-03-10T18:40:16","modified_gmt":"2024-03-10T17:40:16","slug":"wings-for-life-2023","status":"publish","type":"post","link":"https:\/\/www.flegel.pl\/?p=117","title":{"rendered":"Wings For Life 2023"},"content":{"rendered":"\n<figure class=\"wp-block-gallery has-nested-images columns-default is-cropped wp-block-gallery-1 is-layout-flex wp-block-gallery-is-layout-flex\">\n<figure class=\"wp-block-image size-large\"><img loading=\"lazy\" decoding=\"async\" width=\"1024\" height=\"768\" data-id=\"121\" src=\"https:\/\/www.flegel.pl\/wp-content\/uploads\/2024\/03\/20230507_125836-1024x768.jpg\" alt=\"\" class=\"wp-image-121\" srcset=\"https:\/\/www.flegel.pl\/wp-content\/uploads\/2024\/03\/20230507_125836-1024x768.jpg 1024w, https:\/\/www.flegel.pl\/wp-content\/uploads\/2024\/03\/20230507_125836-300x225.jpg 300w, https:\/\/www.flegel.pl\/wp-content\/uploads\/2024\/03\/20230507_125836-768x576.jpg 768w, https:\/\/www.flegel.pl\/wp-content\/uploads\/2024\/03\/20230507_125836-1536x1152.jpg 1536w, https:\/\/www.flegel.pl\/wp-content\/uploads\/2024\/03\/20230507_125836-2048x1536.jpg 2048w\" sizes=\"auto, (max-width: 1024px) 100vw, 1024px\" \/><\/figure>\n\n\n\n<figure class=\"wp-block-image size-large\"><img loading=\"lazy\" decoding=\"async\" width=\"1024\" height=\"768\" data-id=\"120\" src=\"https:\/\/www.flegel.pl\/wp-content\/uploads\/2024\/03\/20230507_135711-1024x768.jpg\" alt=\"\" class=\"wp-image-120\" srcset=\"https:\/\/www.flegel.pl\/wp-content\/uploads\/2024\/03\/20230507_135711-1024x768.jpg 1024w, https:\/\/www.flegel.pl\/wp-content\/uploads\/2024\/03\/20230507_135711-300x225.jpg 300w, https:\/\/www.flegel.pl\/wp-content\/uploads\/2024\/03\/20230507_135711-768x576.jpg 768w, https:\/\/www.flegel.pl\/wp-content\/uploads\/2024\/03\/20230507_135711-1536x1152.jpg 1536w, https:\/\/www.flegel.pl\/wp-content\/uploads\/2024\/03\/20230507_135711-2048x1536.jpg 2048w\" sizes=\"auto, (max-width: 1024px) 100vw, 1024px\" \/><\/figure>\n\n\n\n<figure class=\"wp-block-image size-large\"><img loading=\"lazy\" decoding=\"async\" width=\"1024\" height=\"768\" data-id=\"119\" src=\"https:\/\/www.flegel.pl\/wp-content\/uploads\/2024\/03\/20230507_140442-1024x768.jpg\" alt=\"\" class=\"wp-image-119\" srcset=\"https:\/\/www.flegel.pl\/wp-content\/uploads\/2024\/03\/20230507_140442-1024x768.jpg 1024w, https:\/\/www.flegel.pl\/wp-content\/uploads\/2024\/03\/20230507_140442-300x225.jpg 300w, https:\/\/www.flegel.pl\/wp-content\/uploads\/2024\/03\/20230507_140442-768x576.jpg 768w, https:\/\/www.flegel.pl\/wp-content\/uploads\/2024\/03\/20230507_140442-1536x1152.jpg 1536w, https:\/\/www.flegel.pl\/wp-content\/uploads\/2024\/03\/20230507_140442-2048x1536.jpg 2048w\" sizes=\"auto, (max-width: 1024px) 100vw, 1024px\" \/><\/figure>\n<\/figure>\n\n\n\n<p>Kolejny start w Wings For Life, czyli wyj\u0105tkowy bieg w kt\u00f3rym ca\u0142y \u015bwiat startuje w tym samym momencie. Niezale\u017cnie od kontynentu, czy pory dnia biegniemy w celu wynalezienie metody leczenia uraz\u00f3w rdzenia kr\u0119gowego. Biegniemy wi\u0119c dla tych, kt\u00f3rzy sami biec nie mog\u0105.<\/p>\n\n\n\n<p>Nie mog\u0142e wi\u0119c wystartowa\u0107, szczeg\u00f3lnie, \u017ce sam jeszcze mam spore problemy z chodzeniem. Ot\u00f3\u017c zaledwie 3 miesi\u0105ce wcze\u015bniej mia\u0142em operacj\u0119 prawego kolana. Przed kilka tygodni porusza\u0142em si\u0119 tylko o kulach, wtedy te\u017c poczu\u0142em namiastk\u0119 trudno\u015bci z kt\u00f3rymi inny zmagaj\u0105 si\u0119 przez ca\u0142e \u017cyce.<\/p>\n\n\n\n<p>Razem z zespo\u0142em OTTO startowali\u015bmy w Opolu, super ekipa i \u015bwietna trasa. Dzi\u0119ki. <\/p>\n\n\n\n<p>A dodatkowe wsparcie otrzyma\u0142em od c\u00f3rki Majki, kt\u00f3ra postanowi\u0142a powalczy\u0107 razem ze mn\u0105. Do naszego tempa przy\u0142\u0105czy\u0142 si\u0119 Adam, wi\u0119c w tr\u00f3jk\u0119 dali\u015bmy z siebie wszystko.<\/p>\n\n\n\n<p>S\u0105 jednak pewnie rzeczy, kt\u00f3rych nie da si\u0119 przeskoczy\u0107. I stan mojego zdrowia by\u0142 widoczny po wynikach. Nieca\u0142e 5 kilometr\u00f3w, do momentu dogonienia nas przez samoch\u00f3d po\u015bcigowy to nie jest najlepszy wynik. W poprzednich latach by\u0142o to 15km a nawet 21km. No ale najwa\u017cniejsze aby si\u0119 nie poddawa\u0107 i pr\u00f3bowa\u0107. Tego \u017cycz\u0119 ka\u017cdemu z Was<\/p>\n","protected":false},"excerpt":{"rendered":"<p>Kolejny start w Wings For Life, czyli wyj\u0105tkowy bieg w kt\u00f3rym ca\u0142y \u015bwiat startuje w tym samym momencie. Niezale\u017cnie od kontynentu, czy pory dnia biegniemy w celu wynalezienie metody leczenia uraz\u00f3w rdzenia kr\u0119gowego. Biegniemy wi\u0119c dla tych, kt\u00f3rzy sami biec&#8230;<\/p>\n","protected":false},"author":1,"featured_media":121,"comment_status":"closed","ping_status":"open","sticky":false,"template":"","format":"standard","meta":{"footnotes":""},"categories":[2],"tags":[14,15,13],"class_list":["post-117","post","type-post","status-publish","format-standard","has-post-thumbnail","hentry","category-sport","tag-biegi","tag-opole","tag-wings-for-life"],"_links":{"self":[{"href":"https:\/\/www.flegel.pl\/index.php?rest_route=\/wp\/v2\/posts\/117","targetHints":{"allow":["GET"]}}],"collection":[{"href":"https:\/\/www.flegel.pl\/index.php?rest_route=\/wp\/v2\/posts"}],"about":[{"href":"https:\/\/www.flegel.pl\/index.php?rest_route=\/wp\/v2\/types\/post"}],"author":[{"embeddable":true,"href":"https:\/\/www.flegel.pl\/index.php?rest_route=\/wp\/v2\/users\/1"}],"replies":[{"embeddable":true,"href":"https:\/\/www.flegel.pl\/index.php?rest_route=%2Fwp%2Fv2%2Fcomments&post=117"}],"version-history":[{"count":1,"href":"https:\/\/www.flegel.pl\/index.php?rest_route=\/wp\/v2\/posts\/117\/revisions"}],"predecessor-version":[{"id":122,"href":"https:\/\/www.flegel.pl\/index.php?rest_route=\/wp\/v2\/posts\/117\/revisions\/122"}],"wp:featuredmedia":[{"embeddable":true,"href":"https:\/\/www.flegel.pl\/index.php?rest_route=\/wp\/v2\/media\/121"}],"wp:attachment":[{"href":"https:\/\/www.flegel.pl\/index.php?rest_route=%2Fwp%2Fv2%2Fmedia&parent=117"}],"wp:term":[{"taxonomy":"category","embeddable":true,"href":"https:\/\/www.flegel.pl\/index.php?rest_route=%2Fwp%2Fv2%2Fcategories&post=117"},{"taxonomy":"post_tag","embeddable":true,"href":"https:\/\/www.flegel.pl\/index.php?rest_route=%2Fwp%2Fv2%2Ftags&post=117"}],"curies":[{"name":"wp","href":"https:\/\/api.w.org\/{rel}","templated":true}]}}