{"id":124,"date":"2024-03-10T16:43:00","date_gmt":"2024-03-10T15:43:00","guid":{"rendered":"https:\/\/www.flegel.pl\/?p=124"},"modified":"2024-03-10T18:48:45","modified_gmt":"2024-03-10T17:48:45","slug":"wings-for-life-2024","status":"publish","type":"post","link":"https:\/\/www.flegel.pl\/?p=124","title":{"rendered":"Wings For Life 2024"},"content":{"rendered":"\n<p>Ju\u017c 5 maja 2024, w Polsce o 13:00 rusza kolejna edycja <a href=\"https:\/\/www.wingsforlifeworldrun.com\">Winga For Life<\/a>.<\/p>\n\n\n\n<p>Zach\u0119camy do rejestracji, do\u0142\u0105czcie do Nas i biegnijmy razem. Pami\u0119tajcie \u017ce Wings for Life to bieg charytatywny, w kt\u00f3rym to meta goni uczestnik\u00f3w. Natomiast wszyscy biegaj\u0105c przyczyniamy si\u0119 do wynalezienia metody leczenia uraz\u00f3w rdzenia kr\u0119gowego.<\/p>\n\n\n\n<p>Oto nasze numer startowe, wi\u0119c czekamy na Was!<\/p>\n\n\n\n<figure class=\"wp-block-gallery has-nested-images columns-default is-cropped wp-block-gallery-1 is-layout-flex wp-block-gallery-is-layout-flex\">\n<figure class=\"wp-block-image size-large\"><img loading=\"lazy\" decoding=\"async\" width=\"983\" height=\"890\" data-id=\"125\" src=\"https:\/\/www.flegel.pl\/wp-content\/uploads\/2024\/03\/Zrzut-ekranu-2024-03-10-180303.png\" alt=\"\" class=\"wp-image-125\" srcset=\"https:\/\/www.flegel.pl\/wp-content\/uploads\/2024\/03\/Zrzut-ekranu-2024-03-10-180303.png 983w, https:\/\/www.flegel.pl\/wp-content\/uploads\/2024\/03\/Zrzut-ekranu-2024-03-10-180303-300x272.png 300w, https:\/\/www.flegel.pl\/wp-content\/uploads\/2024\/03\/Zrzut-ekranu-2024-03-10-180303-768x695.png 768w\" sizes=\"auto, (max-width: 983px) 100vw, 983px\" \/><\/figure>\n\n\n\n<figure class=\"wp-block-image size-large\"><img loading=\"lazy\" decoding=\"async\" width=\"974\" height=\"872\" data-id=\"126\" src=\"https:\/\/www.flegel.pl\/wp-content\/uploads\/2024\/03\/Zrzut-ekranu-2024-03-10-180421.png\" alt=\"\" class=\"wp-image-126\" srcset=\"https:\/\/www.flegel.pl\/wp-content\/uploads\/2024\/03\/Zrzut-ekranu-2024-03-10-180421.png 974w, https:\/\/www.flegel.pl\/wp-content\/uploads\/2024\/03\/Zrzut-ekranu-2024-03-10-180421-300x269.png 300w, https:\/\/www.flegel.pl\/wp-content\/uploads\/2024\/03\/Zrzut-ekranu-2024-03-10-180421-768x688.png 768w\" sizes=\"auto, (max-width: 974px) 100vw, 974px\" \/><\/figure>\n<\/figure>\n","protected":false},"excerpt":{"rendered":"<p>Ju\u017c 5 maja 2024, w Polsce o 13:00 rusza kolejna edycja Winga For Life. Zach\u0119camy do rejestracji, do\u0142\u0105czcie do Nas i biegnijmy razem. Pami\u0119tajcie \u017ce Wings for Life to bieg charytatywny, w kt\u00f3rym to meta goni uczestnik\u00f3w. Natomiast wszyscy biegaj\u0105c&#8230;<\/p>\n","protected":false},"author":1,"featured_media":125,"comment_status":"closed","ping_status":"open","sticky":false,"template":"","format":"standard","meta":{"footnotes":""},"categories":[2],"tags":[],"class_list":["post-124","post","type-post","status-publish","format-standard","has-post-thumbnail","hentry","category-sport"],"_links":{"self":[{"href":"https:\/\/www.flegel.pl\/index.php?rest_route=\/wp\/v2\/posts\/124","targetHints":{"allow":["GET"]}}],"collection":[{"href":"https:\/\/www.flegel.pl\/index.php?rest_route=\/wp\/v2\/posts"}],"about":[{"href":"https:\/\/www.flegel.pl\/index.php?rest_route=\/wp\/v2\/types\/post"}],"author":[{"embeddable":true,"href":"https:\/\/www.flegel.pl\/index.php?rest_route=\/wp\/v2\/users\/1"}],"replies":[{"embeddable":true,"href":"https:\/\/www.flegel.pl\/index.php?rest_route=%2Fwp%2Fv2%2Fcomments&post=124"}],"version-history":[{"count":1,"href":"https:\/\/www.flegel.pl\/index.php?rest_route=\/wp\/v2\/posts\/124\/revisions"}],"predecessor-version":[{"id":127,"href":"https:\/\/www.flegel.pl\/index.php?rest_route=\/wp\/v2\/posts\/124\/revisions\/127"}],"wp:featuredmedia":[{"embeddable":true,"href":"https:\/\/www.flegel.pl\/index.php?rest_route=\/wp\/v2\/media\/125"}],"wp:attachment":[{"href":"https:\/\/www.flegel.pl\/index.php?rest_route=%2Fwp%2Fv2%2Fmedia&parent=124"}],"wp:term":[{"taxonomy":"category","embeddable":true,"href":"https:\/\/www.flegel.pl\/index.php?rest_route=%2Fwp%2Fv2%2Fcategories&post=124"},{"taxonomy":"post_tag","embeddable":true,"href":"https:\/\/www.flegel.pl\/index.php?rest_route=%2Fwp%2Fv2%2Ftags&post=124"}],"curies":[{"name":"wp","href":"https:\/\/api.w.org\/{rel}","templated":true}]}}