{"id":132,"date":"2024-03-02T21:53:14","date_gmt":"2024-03-02T20:53:14","guid":{"rendered":"https:\/\/www.flegel.pl\/?p=132"},"modified":"2024-03-10T22:49:38","modified_gmt":"2024-03-10T21:49:38","slug":"mdp-czyli-mlodziezowa-druzyna-pozarnicza","status":"publish","type":"post","link":"https:\/\/www.flegel.pl\/?p=132","title":{"rendered":"MDP, czyli M\u0142odzie\u017cowa Dru\u017cyna Po\u017carnicza"},"content":{"rendered":"\n<p>W dniu dzisiejszym w kozielskiej &#8222;Twierdzy&#8221; odby\u0142o si\u0119 szkolenie opiekun\u00f3w i prowadz\u0105cych M\u0142odzie\u017cowe Dru\u017cyny Po\u017carnicze. W imieniu OSP Re\u0144ska Wie\u015b wybra\u0142em si\u0119 na wspomniane wydarzenie, za kt\u00f3re z tego miejsca serdecznie dzi\u0119kuj\u0119 organizatorom.<\/p>\n\n\n\n<p>Jednocze\u015bnie wydaje si\u0119, \u017ce to dobry moment na podsumowanie ostatnich miesi\u0119cy ci\u0119\u017ckiej pracy. Szczeg\u00f3lnie, \u017ce dok\u0142adnie tydzie\u0144 temu odby\u0142o si\u0119 Walne Zebranie naszej jednostki. Na tym zebraniu m. in. wspomniano o oko\u0142o 40 spotkaniach dru\u017cyny m\u0142odzie\u017cowej, licznych udzia\u0142ach w zawodach i dwukrotnym podium:<\/p>\n\n\n\n<ul class=\"wp-block-list\">\n<li>2 miejsce na Gminnych Zawodach Sportowo-Po\u017carniczych<\/li>\n\n\n\n<li>3 miejsce na Olimpiadzie Sportowej &#8222;Od przedszkolaka do og\u00f3lniaka&#8221; w Gogolinie<\/li>\n<\/ul>\n\n\n\n<figure class=\"wp-block-gallery has-nested-images columns-default is-cropped wp-block-gallery-1 is-layout-flex wp-block-gallery-is-layout-flex\">\n<figure class=\"wp-block-image size-large\"><img loading=\"lazy\" decoding=\"async\" width=\"1024\" height=\"461\" data-id=\"133\" src=\"https:\/\/www.flegel.pl\/wp-content\/uploads\/2024\/03\/mdp-slajd-1024x461.jpg\" alt=\"\" class=\"wp-image-133\" srcset=\"https:\/\/www.flegel.pl\/wp-content\/uploads\/2024\/03\/mdp-slajd-1024x461.jpg 1024w, https:\/\/www.flegel.pl\/wp-content\/uploads\/2024\/03\/mdp-slajd-300x135.jpg 300w, https:\/\/www.flegel.pl\/wp-content\/uploads\/2024\/03\/mdp-slajd-768x346.jpg 768w, https:\/\/www.flegel.pl\/wp-content\/uploads\/2024\/03\/mdp-slajd-1536x692.jpg 1536w, https:\/\/www.flegel.pl\/wp-content\/uploads\/2024\/03\/mdp-slajd.jpg 2016w\" sizes=\"auto, (max-width: 1024px) 100vw, 1024px\" \/><\/figure>\n\n\n\n<figure class=\"wp-block-image size-large\"><img loading=\"lazy\" decoding=\"async\" width=\"717\" height=\"1024\" data-id=\"136\" src=\"https:\/\/www.flegel.pl\/wp-content\/uploads\/2024\/03\/mdp-dyplom-717x1024.png\" alt=\"\" class=\"wp-image-136\" srcset=\"https:\/\/www.flegel.pl\/wp-content\/uploads\/2024\/03\/mdp-dyplom-717x1024.png 717w, https:\/\/www.flegel.pl\/wp-content\/uploads\/2024\/03\/mdp-dyplom-210x300.png 210w, https:\/\/www.flegel.pl\/wp-content\/uploads\/2024\/03\/mdp-dyplom-768x1097.png 768w, https:\/\/www.flegel.pl\/wp-content\/uploads\/2024\/03\/mdp-dyplom.png 809w\" sizes=\"auto, (max-width: 717px) 100vw, 717px\" \/><\/figure>\n\n\n\n<figure class=\"wp-block-image size-large\"><img loading=\"lazy\" decoding=\"async\" width=\"1024\" height=\"461\" data-id=\"134\" src=\"https:\/\/www.flegel.pl\/wp-content\/uploads\/2024\/03\/mdp-prezentacje-1024x461.jpg\" alt=\"\" class=\"wp-image-134\" srcset=\"https:\/\/www.flegel.pl\/wp-content\/uploads\/2024\/03\/mdp-prezentacje-1024x461.jpg 1024w, https:\/\/www.flegel.pl\/wp-content\/uploads\/2024\/03\/mdp-prezentacje-300x135.jpg 300w, https:\/\/www.flegel.pl\/wp-content\/uploads\/2024\/03\/mdp-prezentacje-768x346.jpg 768w, https:\/\/www.flegel.pl\/wp-content\/uploads\/2024\/03\/mdp-prezentacje-1536x692.jpg 1536w, https:\/\/www.flegel.pl\/wp-content\/uploads\/2024\/03\/mdp-prezentacje.jpg 2016w\" sizes=\"auto, (max-width: 1024px) 100vw, 1024px\" \/><\/figure>\n\n\n\n<figure class=\"wp-block-image size-large\"><img loading=\"lazy\" decoding=\"async\" width=\"461\" height=\"1024\" data-id=\"135\" src=\"https:\/\/www.flegel.pl\/wp-content\/uploads\/2024\/03\/mdp-walne-461x1024.jpg\" alt=\"\" class=\"wp-image-135\" srcset=\"https:\/\/www.flegel.pl\/wp-content\/uploads\/2024\/03\/mdp-walne-461x1024.jpg 461w, https:\/\/www.flegel.pl\/wp-content\/uploads\/2024\/03\/mdp-walne-135x300.jpg 135w, https:\/\/www.flegel.pl\/wp-content\/uploads\/2024\/03\/mdp-walne-768x1705.jpg 768w, https:\/\/www.flegel.pl\/wp-content\/uploads\/2024\/03\/mdp-walne-692x1536.jpg 692w, https:\/\/www.flegel.pl\/wp-content\/uploads\/2024\/03\/mdp-walne.jpg 908w\" sizes=\"auto, (max-width: 461px) 100vw, 461px\" \/><\/figure>\n<\/figure>\n\n\n\n<p>Dru\u017cyna ma si\u0119 dobrze, w\u0142a\u015bnie zamykamy sezon zimowy, czyli treningi organizowane w sali gimnastycznej w pobliskiej szkole podstawowej. Pe\u0142ni energii i z now\u0105 wiedz\u0105, wracamy do remizy i trening\u00f3w na zewn\u0105trz. A zainteresowanych przest\u0105pienia do MDP zapraszamy w ka\u017cd\u0105 sobot\u0119 o 11:30 do naszej jednostki!<\/p>\n","protected":false},"excerpt":{"rendered":"<p>W dniu dzisiejszym w kozielskiej &#8222;Twierdzy&#8221; odby\u0142o si\u0119 szkolenie opiekun\u00f3w i prowadz\u0105cych M\u0142odzie\u017cowe Dru\u017cyny Po\u017carnicze. W imieniu OSP Re\u0144ska Wie\u015b wybra\u0142em si\u0119 na wspomniane wydarzenie, za kt\u00f3re z tego miejsca serdecznie dzi\u0119kuj\u0119 organizatorom. Jednocze\u015bnie wydaje si\u0119, \u017ce to dobry moment&#8230;<\/p>\n","protected":false},"author":1,"featured_media":136,"comment_status":"closed","ping_status":"open","sticky":false,"template":"","format":"standard","meta":{"footnotes":""},"categories":[3,1,2],"tags":[],"class_list":["post-132","post","type-post","status-publish","format-standard","has-post-thumbnail","hentry","category-osp","category-renskawies","category-sport"],"_links":{"self":[{"href":"https:\/\/www.flegel.pl\/index.php?rest_route=\/wp\/v2\/posts\/132","targetHints":{"allow":["GET"]}}],"collection":[{"href":"https:\/\/www.flegel.pl\/index.php?rest_route=\/wp\/v2\/posts"}],"about":[{"href":"https:\/\/www.flegel.pl\/index.php?rest_route=\/wp\/v2\/types\/post"}],"author":[{"embeddable":true,"href":"https:\/\/www.flegel.pl\/index.php?rest_route=\/wp\/v2\/users\/1"}],"replies":[{"embeddable":true,"href":"https:\/\/www.flegel.pl\/index.php?rest_route=%2Fwp%2Fv2%2Fcomments&post=132"}],"version-history":[{"count":3,"href":"https:\/\/www.flegel.pl\/index.php?rest_route=\/wp\/v2\/posts\/132\/revisions"}],"predecessor-version":[{"id":139,"href":"https:\/\/www.flegel.pl\/index.php?rest_route=\/wp\/v2\/posts\/132\/revisions\/139"}],"wp:featuredmedia":[{"embeddable":true,"href":"https:\/\/www.flegel.pl\/index.php?rest_route=\/wp\/v2\/media\/136"}],"wp:attachment":[{"href":"https:\/\/www.flegel.pl\/index.php?rest_route=%2Fwp%2Fv2%2Fmedia&parent=132"}],"wp:term":[{"taxonomy":"category","embeddable":true,"href":"https:\/\/www.flegel.pl\/index.php?rest_route=%2Fwp%2Fv2%2Fcategories&post=132"},{"taxonomy":"post_tag","embeddable":true,"href":"https:\/\/www.flegel.pl\/index.php?rest_route=%2Fwp%2Fv2%2Ftags&post=132"}],"curies":[{"name":"wp","href":"https:\/\/api.w.org\/{rel}","templated":true}]}}