{"id":177,"date":"2025-04-04T18:06:16","date_gmt":"2025-04-04T17:06:16","guid":{"rendered":"https:\/\/www.flegel.pl\/?p=177"},"modified":"2025-11-02T15:26:05","modified_gmt":"2025-11-02T14:26:05","slug":"wings-for-life-2025","status":"publish","type":"post","link":"https:\/\/www.flegel.pl\/?p=177","title":{"rendered":"Wings For Life 2025"},"content":{"rendered":"\n<figure class=\"wp-block-gallery has-nested-images columns-default is-cropped wp-block-gallery-1 is-layout-flex wp-block-gallery-is-layout-flex\">\n<figure class=\"wp-block-image size-large\"><img loading=\"lazy\" decoding=\"async\" width=\"978\" height=\"892\" data-id=\"178\" src=\"https:\/\/www.flegel.pl\/wp-content\/uploads\/2025\/04\/Zrzut-ekranu-2025-04-13-190517.png\" alt=\"\" class=\"wp-image-178\" srcset=\"https:\/\/www.flegel.pl\/wp-content\/uploads\/2025\/04\/Zrzut-ekranu-2025-04-13-190517.png 978w, https:\/\/www.flegel.pl\/wp-content\/uploads\/2025\/04\/Zrzut-ekranu-2025-04-13-190517-300x274.png 300w, https:\/\/www.flegel.pl\/wp-content\/uploads\/2025\/04\/Zrzut-ekranu-2025-04-13-190517-768x700.png 768w\" sizes=\"auto, (max-width: 978px) 100vw, 978px\" \/><\/figure>\n\n\n\n<figure class=\"wp-block-image size-large\"><img loading=\"lazy\" decoding=\"async\" width=\"988\" height=\"898\" data-id=\"179\" src=\"https:\/\/www.flegel.pl\/wp-content\/uploads\/2025\/04\/Zrzut-ekranu-2025-04-13-190543.png\" alt=\"\" class=\"wp-image-179\" srcset=\"https:\/\/www.flegel.pl\/wp-content\/uploads\/2025\/04\/Zrzut-ekranu-2025-04-13-190543.png 988w, https:\/\/www.flegel.pl\/wp-content\/uploads\/2025\/04\/Zrzut-ekranu-2025-04-13-190543-300x273.png 300w, https:\/\/www.flegel.pl\/wp-content\/uploads\/2025\/04\/Zrzut-ekranu-2025-04-13-190543-768x698.png 768w\" sizes=\"auto, (max-width: 988px) 100vw, 988px\" \/><\/figure>\n<\/figure>\n\n\n\n<p>To ju\u017c trzeci rok z rz\u0119du, kiedy wsp\u00f3lnie z c\u00f3rk\u0105 Maj\u0105 wystartuj\u0119 w Wings For Life, czyli biegu gdzie goni nas ruchoma linia mety. Jak zwykle dopingowa\u0107 nas b\u0119dzie g\u0142os Adama Ma\u0142ysza, a robimy to dla tych, kt\u00f3rzy nie s\u0105 w stanie cieszy\u0107 si\u0119 swobod\u0105 poruszania ka\u017cdej cz\u0119\u015bci\u0105 cia\u0142a. Biegniemy, \u017ceby pom\u00f3c wynale\u017a\u0107 metod\u0119 leczenia uraz\u00f3w rdzenia kr\u0119gowego i dumny jestem z tego, \u017ce wszystkie op\u0142aty startowe s\u0105 przekazane w\u0142a\u015bnie na ten cel.<\/p>\n\n\n\n<p>Osobi\u015bcie biegam nieustannie od 2021 roku, gdzie by\u0142em w stanie przebiec nieco wi\u0119cej ni\u017c p\u00f3\u0142-maraton. Dok\u0142adnie uda\u0142o mi si\u0119 przebiec 21,37 km. P\u00f3\u017aniej kontuzja kolana, operacja i rehabilitacja. To wszystko tylko u\u015bwiadomi\u0142o mi, jak ten bieg mo\u017ce by\u0107 istotny.<\/p>\n\n\n\n<p>Tym razem nie licz\u0119 na super wynik, ale ciesz\u0119 si\u0119 na ka\u017cd\u0105 chwil\u0119 wsp\u00f3lnie z Maj\u0105. Licz\u0119 te\u017c, \u017ce spotkamy si\u0119 na trasie. Do zobaczenia 4 maja o 13:00.<\/p>\n","protected":false},"excerpt":{"rendered":"<p>To ju\u017c trzeci rok z rz\u0119du, kiedy wsp\u00f3lnie z c\u00f3rk\u0105 Maj\u0105 wystartuj\u0119 w Wings For Life, czyli biegu gdzie goni nas ruchoma linia mety. Jak zwykle dopingowa\u0107 nas b\u0119dzie g\u0142os Adama Ma\u0142ysza, a robimy to dla tych, kt\u00f3rzy nie s\u0105&#8230;<\/p>\n","protected":false},"author":1,"featured_media":179,"comment_status":"closed","ping_status":"open","sticky":false,"template":"","format":"standard","meta":{"footnotes":""},"categories":[1,2],"tags":[],"class_list":["post-177","post","type-post","status-publish","format-standard","has-post-thumbnail","hentry","category-renskawies","category-sport"],"_links":{"self":[{"href":"https:\/\/www.flegel.pl\/index.php?rest_route=\/wp\/v2\/posts\/177","targetHints":{"allow":["GET"]}}],"collection":[{"href":"https:\/\/www.flegel.pl\/index.php?rest_route=\/wp\/v2\/posts"}],"about":[{"href":"https:\/\/www.flegel.pl\/index.php?rest_route=\/wp\/v2\/types\/post"}],"author":[{"embeddable":true,"href":"https:\/\/www.flegel.pl\/index.php?rest_route=\/wp\/v2\/users\/1"}],"replies":[{"embeddable":true,"href":"https:\/\/www.flegel.pl\/index.php?rest_route=%2Fwp%2Fv2%2Fcomments&post=177"}],"version-history":[{"count":2,"href":"https:\/\/www.flegel.pl\/index.php?rest_route=\/wp\/v2\/posts\/177\/revisions"}],"predecessor-version":[{"id":208,"href":"https:\/\/www.flegel.pl\/index.php?rest_route=\/wp\/v2\/posts\/177\/revisions\/208"}],"wp:featuredmedia":[{"embeddable":true,"href":"https:\/\/www.flegel.pl\/index.php?rest_route=\/wp\/v2\/media\/179"}],"wp:attachment":[{"href":"https:\/\/www.flegel.pl\/index.php?rest_route=%2Fwp%2Fv2%2Fmedia&parent=177"}],"wp:term":[{"taxonomy":"category","embeddable":true,"href":"https:\/\/www.flegel.pl\/index.php?rest_route=%2Fwp%2Fv2%2Fcategories&post=177"},{"taxonomy":"post_tag","embeddable":true,"href":"https:\/\/www.flegel.pl\/index.php?rest_route=%2Fwp%2Fv2%2Ftags&post=177"}],"curies":[{"name":"wp","href":"https:\/\/api.w.org\/{rel}","templated":true}]}}