{"id":44,"date":"2020-03-31T08:05:34","date_gmt":"2020-03-31T07:05:34","guid":{"rendered":"https:\/\/www.flegel.pl\/?p=44"},"modified":"2021-05-09T15:34:42","modified_gmt":"2021-05-09T14:34:42","slug":"zus-vs-koronawirus","status":"publish","type":"post","link":"https:\/\/www.flegel.pl\/?p=44","title":{"rendered":"ZUS vs koronawirus"},"content":{"rendered":"\n<p>W tych ci\u0119\u017ckich czasach ka\u017cdy walczy z koronawisurem. ZUS jednak jest przyk\u0142adem instytucji, kt\u00f3ra wybitnie w tej walce przegrywa.<\/p>\n\n\n\n<figure class=\"wp-block-image size-large\"><img loading=\"lazy\" decoding=\"async\" width=\"1024\" height=\"248\" src=\"https:\/\/www.flegel.pl\/wp-content\/uploads\/2020\/03\/zus-1024x248.png\" alt=\"\" class=\"wp-image-45\" srcset=\"https:\/\/www.flegel.pl\/wp-content\/uploads\/2020\/03\/zus-1024x248.png 1024w, https:\/\/www.flegel.pl\/wp-content\/uploads\/2020\/03\/zus-300x73.png 300w, https:\/\/www.flegel.pl\/wp-content\/uploads\/2020\/03\/zus-768x186.png 768w, https:\/\/www.flegel.pl\/wp-content\/uploads\/2020\/03\/zus.png 1227w\" sizes=\"auto, (max-width: 1024px) 100vw, 1024px\" \/><\/figure>\n\n\n\n<p>Infolinia zg\u0142asza komunikat, \u017ce wszystkie linie s\u0105 zaj\u0119te. Bez znaczenia czy dzwonimy o 8.00 czy o 21.00. Jeste\u015bmy proszeni o korzystanie z innych numer\u00f3w, kt\u00f3rych te\u017c nikt nie odbiera.<\/p>\n\n\n\n<p>Portal PUE oczywi\u015bcie te\u017c nie dzia\u0142a, mimo kilku pr\u00f3b za ka\u017cdym razem otrzymuj\u0119 kolejny komunikat b\u0142\u0119du.<\/p>\n\n\n\n<p>Podsumowuj\u0105c, ZUS niestety nie jest gotowy na zdaln\u0105 obs\u0142ug\u0119 petent\u00f3w i obawiam si\u0119, \u017ce jeszcze d\u0142ugo nie b\u0119dzie. A szkoda, bo zdalna obs\u0142uga jest szybsza i ta\u0144sza. No ale &#8230;<\/p>\n","protected":false},"excerpt":{"rendered":"<p>W tych ci\u0119\u017ckich czasach ka\u017cdy walczy z koronawisurem. ZUS jednak jest przyk\u0142adem instytucji, kt\u00f3ra wybitnie w tej walce przegrywa. Infolinia zg\u0142asza komunikat, \u017ce wszystkie linie s\u0105 zaj\u0119te. Bez znaczenia czy dzwonimy o 8.00 czy o 21.00. Jeste\u015bmy proszeni o korzystanie&#8230;<\/p>\n","protected":false},"author":1,"featured_media":45,"comment_status":"closed","ping_status":"open","sticky":false,"template":"","format":"standard","meta":{"footnotes":""},"categories":[6],"tags":[],"class_list":["post-44","post","type-post","status-publish","format-standard","has-post-thumbnail","hentry","category-it"],"_links":{"self":[{"href":"https:\/\/www.flegel.pl\/index.php?rest_route=\/wp\/v2\/posts\/44","targetHints":{"allow":["GET"]}}],"collection":[{"href":"https:\/\/www.flegel.pl\/index.php?rest_route=\/wp\/v2\/posts"}],"about":[{"href":"https:\/\/www.flegel.pl\/index.php?rest_route=\/wp\/v2\/types\/post"}],"author":[{"embeddable":true,"href":"https:\/\/www.flegel.pl\/index.php?rest_route=\/wp\/v2\/users\/1"}],"replies":[{"embeddable":true,"href":"https:\/\/www.flegel.pl\/index.php?rest_route=%2Fwp%2Fv2%2Fcomments&post=44"}],"version-history":[{"count":1,"href":"https:\/\/www.flegel.pl\/index.php?rest_route=\/wp\/v2\/posts\/44\/revisions"}],"predecessor-version":[{"id":46,"href":"https:\/\/www.flegel.pl\/index.php?rest_route=\/wp\/v2\/posts\/44\/revisions\/46"}],"wp:featuredmedia":[{"embeddable":true,"href":"https:\/\/www.flegel.pl\/index.php?rest_route=\/wp\/v2\/media\/45"}],"wp:attachment":[{"href":"https:\/\/www.flegel.pl\/index.php?rest_route=%2Fwp%2Fv2%2Fmedia&parent=44"}],"wp:term":[{"taxonomy":"category","embeddable":true,"href":"https:\/\/www.flegel.pl\/index.php?rest_route=%2Fwp%2Fv2%2Fcategories&post=44"},{"taxonomy":"post_tag","embeddable":true,"href":"https:\/\/www.flegel.pl\/index.php?rest_route=%2Fwp%2Fv2%2Ftags&post=44"}],"curies":[{"name":"wp","href":"https:\/\/api.w.org\/{rel}","templated":true}]}}